{"id":13582,"date":"2026-08-29T16:28:00","date_gmt":"2026-08-29T14:28:00","guid":{"rendered":"https:\/\/www.losguardolungo.it\/biblioteca\/?p=13582"},"modified":"2026-08-29T09:35:13","modified_gmt":"2026-08-29T07:35:13","slug":"astrazione-e-teoria-a-giovanni-orsina","status":"publish","type":"post","link":"https:\/\/www.losguardolungo.it\/biblioteca\/2026\/08\/29\/astrazione-e-teoria-a-giovanni-orsina\/","title":{"rendered":"Astrazione e teoria (a Giovanni Orsina)"},"content":{"rendered":"\n<p class=\"wp-block-paragraph\">Caro Orsina,<\/p>\n\n\n\n<p class=\"wp-block-paragraph\">ho letto la Tua intervista sul Corriere e in linea generale condivido quello che sostieni. Salvo una cosa. Tu usi di continuo , contrapponendolo all\u2019esser concreti, il termine \u00abastrazione\u00bb. La contrapposizione \u00e8 giusta, mentre il termine non \u00e8 quello corretto, che invece \u00e8 \u00abteoria\u00bb.<\/p>\n\n\n\n<p class=\"wp-block-paragraph\">Di fatti , Bonaccini esprime una sua teoria . Avere la puzza sotto il naso \u00e8 una teoria. L\u2019essere certi di essere superiori \u00e8 una teoria. Non a caso usano tali concetti esponenti della sinistra \u2013 giustamente citi Hilary Clinton \u2013 quale manifestazione della loro caratteristica politica permanente: il voler essere impositivi. Questa \u00e8 la causa il loro perdere consenso tra larga parte dei cittadini democratici. Che si schiera contro di loro dopo aver sperimentato gli effetti del loro governare impositivo.<\/p>\n\n\n\n<p class=\"wp-block-paragraph\">Il termine \u00abastrazione\u00bb indica un\u2019attitudine connessa all\u2019osservare il mondo, cosa che, rifacendosi al metodo dello sperimentalismo scientifico, dovrebbe essere l\u2019usuale comportamento dei cittadini . Per\u00f2, adottando il metodo scientifico, dall\u2019astrazione si ricavano dei dati, indispensabili per costruire una teoria interpretativa dei meccanismi del mondo. Teoria che diviene accettata se, applicandola, funziona nella realt\u00e0. E\u2019 qui che casca l\u2019asino per gli esponenti della sinistra. O non hanno neppure fatto l\u2019astrazione oppure non hanno compreso i risultati ricavati; in ogni caso, la teoria che ne hanno dedotto \u00e8 disconnessa dalla concretezza reale ed \u00e8 solo impositiva.<\/p>\n\n\n\n<p class=\"wp-block-paragraph\"><\/p>\n","protected":false},"excerpt":{"rendered":"<p>Caro Orsina, ho letto la Tua intervista sul Corriere e in linea generale condivido quello che sostieni. Salvo una cosa. Tu usi di continuo , contrapponendolo all\u2019esser concreti, il termine \u00abastrazione\u00bb. La contrapposizione \u00e8 giusta, mentre il termine non \u00e8 &hellip; <a href=\"https:\/\/www.losguardolungo.it\/biblioteca\/2026\/08\/29\/astrazione-e-teoria-a-giovanni-orsina\/\">Continua a leggere<span class=\"meta-nav\">&rarr;<\/span><\/a><\/p>\n","protected":false},"author":2,"featured_media":0,"comment_status":"closed","ping_status":"open","sticky":false,"template":"","format":"standard","meta":{"_monsterinsights_skip_tracking":false,"footnotes":""},"categories":[13,515],"tags":[116,7736,3681,86,5799,1184,1880,6895,1648,139],"class_list":["post-13582","post","type-post","status-publish","format-standard","hentry","category-lettere","category-su-questioni-politiche","tag-astrazione","tag-bonaccini-stefano","tag-clinton-hilary","tag-corriere-della-sera","tag-cultura-impositiva","tag-metodo-scientifico","tag-orsina-giovanni","tag-proposte-concrete","tag-sperimentalismo","tag-teoria"],"_links":{"self":[{"href":"https:\/\/www.losguardolungo.it\/biblioteca\/wp-json\/wp\/v2\/posts\/13582","targetHints":{"allow":["GET"]}}],"collection":[{"href":"https:\/\/www.losguardolungo.it\/biblioteca\/wp-json\/wp\/v2\/posts"}],"about":[{"href":"https:\/\/www.losguardolungo.it\/biblioteca\/wp-json\/wp\/v2\/types\/post"}],"author":[{"embeddable":true,"href":"https:\/\/www.losguardolungo.it\/biblioteca\/wp-json\/wp\/v2\/users\/2"}],"replies":[{"embeddable":true,"href":"https:\/\/www.losguardolungo.it\/biblioteca\/wp-json\/wp\/v2\/comments?post=13582"}],"version-history":[{"count":1,"href":"https:\/\/www.losguardolungo.it\/biblioteca\/wp-json\/wp\/v2\/posts\/13582\/revisions"}],"predecessor-version":[{"id":13583,"href":"https:\/\/www.losguardolungo.it\/biblioteca\/wp-json\/wp\/v2\/posts\/13582\/revisions\/13583"}],"wp:attachment":[{"href":"https:\/\/www.losguardolungo.it\/biblioteca\/wp-json\/wp\/v2\/media?parent=13582"}],"wp:term":[{"taxonomy":"category","embeddable":true,"href":"https:\/\/www.losguardolungo.it\/biblioteca\/wp-json\/wp\/v2\/categories?post=13582"},{"taxonomy":"post_tag","embeddable":true,"href":"https:\/\/www.losguardolungo.it\/biblioteca\/wp-json\/wp\/v2\/tags?post=13582"}],"curies":[{"name":"wp","href":"https:\/\/api.w.org\/{rel}","templated":true}]}}